{"id":406,"date":"2018-01-20T08:00:07","date_gmt":"2018-01-20T07:00:07","guid":{"rendered":"https:\/\/freundeskreisstadtkapelle.wordpress.com\/?p=394"},"modified":"2022-04-21T09:58:31","modified_gmt":"2022-04-21T08:58:31","slug":"neuer-vorstand","status":"publish","type":"post","link":"https:\/\/sommerzeitende.lima-city.de\/gb\/neuer-vorstand\/","title":{"rendered":"New Leader Team"},"content":{"rendered":"<div id=\"attachment_403\" style=\"width: 701px\" class=\"wp-caption alignnone\"><img data-recalc-dims=\"1\" fetchpriority=\"high\" decoding=\"async\" aria-describedby=\"caption-attachment-403\" class=\"alignnone size-full wp-image-403\" src=\"https:\/\/i0.wp.com\/sommerzeitende.lima-city.de\/wp-content\/uploads\/2018\/01\/vorstand-2018-sw.jpg?resize=691%2C399&#038;ssl=1\" alt=\"Werner Blum (von rechts) \u00fcbernimmt Vorsitz von Hermann Billharz. Ilka Frcke gibt Kasse an Hans-Peter Z\u00fchlke ab. Im Amt bleiben Gisela Laun als Schriftf\u00fchrerin und Andrea Dilger als 2. Vorsitzende.\" width=\"691\" height=\"399\" \/><p id=\"caption-attachment-403\" class=\"wp-caption-text\">Werner Blum (from right) follows on Hermann Billharz. Ilka Fricke hands cashier jobs to Hans-Peter Z\u00fchlke. Gisela Laun remains as Book writer and Andrea Dilger in Vize position.<\/p><\/div>\n<p>At the general meeting on 19.01.2018, the members present were able to approve the reports of the board of directors. In the three-year cycle, new elections were also due again. Under the leadership of Hans-Peter Hippler, the election of the first board was carried out. Werner Blum was elected to the new executive committee. After 12 years the association has thus a new head. R\u00fcdiger Rosenfelder thanked the retired board members Heidi Hug, Ilka Fricke and especially Hermann Billharz, who has always led the association in an exemplary manner.<\/p>\n<p><span style=\"color: #3366ff;\">Here are some press notes:<\/span><\/p>\n<ul>\n<li><a href=\"https:\/\/www.google.com\/url?rct=j&amp;sa=t&amp;url=https:\/\/www.schwarzwaelder-bote.de\/inhalt.hornberg-foerderung-der-musiker-geht-weiter.3e26fc2e-6888-4cb9-a15f-1bc608bde336.html&amp;ct=ga&amp;cd=CAEYACoTMzkwMzI2NDQ1NjA1MDI2OTIyMTIaNjFlZjg4Njc0OTdiM2I5Yzpjb206ZGU6VVM&amp;usg=AFQjCNFpXgWZo2drK91Fyenc_nSB62KwOQ\" target=\"_blank\" rel=\"noopener noreferrer\">Schwarzw\u00e4lder Bote<\/a><\/li>\n<li><a href=\"https:\/\/www.bo.de\/lokales\/kinzigtal\/freundeskreis-der-stadtkapelle-hat-neuen-vorsitzenden\" target=\"_blank\" rel=\"noopener noreferrer\">Offenburger Tageblatt<\/a><\/li>\n<\/ul>\n","protected":false},"excerpt":{"rendered":"<p>At the general meeting on 19.01.2018, the members present were able to approve the reports of the board of directors.&hellip;<\/p>\n","protected":false},"author":3,"featured_media":0,"comment_status":"closed","ping_status":"closed","sticky":false,"template":"","format":"status","meta":{"advanced_seo_description":"","jetpack_seo_html_title":"","jetpack_seo_noindex":false,"jetpack_post_was_ever_published":false,"_jetpack_newsletter_access":"","_jetpack_dont_email_post_to_subs":false,"_jetpack_newsletter_tier_id":0,"_jetpack_memberships_contains_paywalled_content":false,"_jetpack_memberships_contains_paid_content":false,"footnotes":"","jetpack_publicize_message":"","jetpack_publicize_feature_enabled":true,"jetpack_social_post_already_shared":false,"jetpack_social_options":{"image_generator_settings":{"template":"highway","default_image_id":0,"font":"","enabled":false},"version":2}},"categories":[1,16],"tags":[17,18,19],"class_list":["post-406","post","type-post","status-publish","format-status","hentry","category-allgemein","category-vorstand","tag-mitgliederversammlung","tag-vorstandschaft","tag-wahlen","post_format-post-format-status"],"translation":{"provider":"WPGlobus","version":"3.0.2","language":"gb","enabled_languages":["de","gb"],"languages":{"de":{"title":true,"content":true,"excerpt":false},"gb":{"title":true,"content":true,"excerpt":false}}},"jetpack_publicize_connections":[],"jetpack_featured_media_url":"","jetpack_sharing_enabled":true,"jetpack_shortlink":"https:\/\/wp.me\/paXq5J-6y","_links":{"self":[{"href":"https:\/\/sommerzeitende.lima-city.de\/gb\/wp-json\/wp\/v2\/posts\/406","targetHints":{"allow":["GET"]}}],"collection":[{"href":"https:\/\/sommerzeitende.lima-city.de\/gb\/wp-json\/wp\/v2\/posts"}],"about":[{"href":"https:\/\/sommerzeitende.lima-city.de\/gb\/wp-json\/wp\/v2\/types\/post"}],"author":[{"embeddable":true,"href":"https:\/\/sommerzeitende.lima-city.de\/gb\/wp-json\/wp\/v2\/users\/3"}],"replies":[{"embeddable":true,"href":"https:\/\/sommerzeitende.lima-city.de\/gb\/wp-json\/wp\/v2\/comments?post=406"}],"version-history":[{"count":4,"href":"https:\/\/sommerzeitende.lima-city.de\/gb\/wp-json\/wp\/v2\/posts\/406\/revisions"}],"predecessor-version":[{"id":603,"href":"https:\/\/sommerzeitende.lima-city.de\/gb\/wp-json\/wp\/v2\/posts\/406\/revisions\/603"}],"wp:attachment":[{"href":"https:\/\/sommerzeitende.lima-city.de\/gb\/wp-json\/wp\/v2\/media?parent=406"}],"wp:term":[{"taxonomy":"category","embeddable":true,"href":"https:\/\/sommerzeitende.lima-city.de\/gb\/wp-json\/wp\/v2\/categories?post=406"},{"taxonomy":"post_tag","embeddable":true,"href":"https:\/\/sommerzeitende.lima-city.de\/gb\/wp-json\/wp\/v2\/tags?post=406"}],"curies":[{"name":"wp","href":"https:\/\/api.w.org\/{rel}","templated":true}]}}