{"id":405,"date":"2018-01-07T12:46:25","date_gmt":"2018-01-07T11:46:25","guid":{"rendered":"https:\/\/freundeskreisstadtkapelle.wordpress.com\/?p=383"},"modified":"2018-01-07T12:46:25","modified_gmt":"2018-01-07T11:46:25","slug":"mitgliederversammlung-19-januar-2018","status":"publish","type":"post","link":"https:\/\/sommerzeitende.lima-city.de\/gb\/mitgliederversammlung-19-januar-2018\/","title":{"rendered":"Mitgliederversammlung 19. Januar 2018"},"content":{"rendered":"<p>Liebe Mitglieder ihr seid herzlich eingeladen zu unserer n\u00e4chsten Mitgliederversammlung.<\/p>\n<p>Tagesordnung:<\/p>\n<ol>\n<li><span style=\"font-size:small;\">Begr\u00fc\u00dfung<\/span><\/li>\n<li><span style=\"font-size:small;\">T\u00e4tigkeitsbericht 2017<\/span><\/li>\n<li><span style=\"font-size:small;\">Kassenbericht <\/span><\/li>\n<li><span style=\"font-size:small;\">Bericht der Kassenpr\u00fcfer und Entlastung Kassier<\/span><\/li>\n<li><span style=\"font-size:small;\">Entlastung des Vorstandes<\/span><\/li>\n<li><span style=\"font-size:small;\">Neuwahlen<\/span><\/li>\n<li><span style=\"font-size:small;\">Vorschau 2018<\/span><\/li>\n<li><span style=\"font-size:small;\">Verschiedenes, W\u00fcnsche und Antr\u00e4ge<\/span><\/li>\n<\/ol>\n<p>Erscheinen sie zahlreich und w\u00e4hlen sie den neuen Vorstand mit.<\/p>\n","protected":false},"excerpt":{"rendered":"<p>Liebe Mitglieder ihr seid herzlich eingeladen zu unserer n\u00e4chsten Mitgliederversammlung. Tagesordnung: Begr\u00fc\u00dfung T\u00e4tigkeitsbericht 2017 Kassenbericht Bericht der Kassenpr\u00fcfer und Entlastung&hellip;<\/p>\n","protected":false},"author":3,"featured_media":442,"comment_status":"closed","ping_status":"closed","sticky":false,"template":"","format":"standard","meta":{"advanced_seo_description":"","jetpack_seo_html_title":"","jetpack_seo_noindex":false,"jetpack_post_was_ever_published":false,"_jetpack_newsletter_access":"","_jetpack_dont_email_post_to_subs":false,"_jetpack_newsletter_tier_id":0,"_jetpack_memberships_contains_paywalled_content":false,"_jetpack_memberships_contains_paid_content":false,"footnotes":"","jetpack_publicize_message":"","jetpack_publicize_feature_enabled":true,"jetpack_social_post_already_shared":false,"jetpack_social_options":{"image_generator_settings":{"template":"highway","default_image_id":0,"font":"","enabled":false},"version":2}},"categories":[1],"tags":[],"class_list":["post-405","post","type-post","status-publish","format-standard","has-post-thumbnail","hentry","category-allgemein"],"translation":{"provider":"WPGlobus","version":"3.0.2","language":"gb","enabled_languages":["de","gb"],"languages":{"de":{"title":true,"content":true,"excerpt":false},"gb":{"title":false,"content":false,"excerpt":false}}},"jetpack_publicize_connections":[],"jetpack_featured_media_url":"https:\/\/i0.wp.com\/sommerzeitende.lima-city.de\/wp-content\/uploads\/2018\/01\/wc3a4hlen-gehen.jpg?fit=570%2C321&ssl=1","jetpack_sharing_enabled":false,"jetpack_shortlink":"https:\/\/wp.me\/paXq5J-6x","_links":{"self":[{"href":"https:\/\/sommerzeitende.lima-city.de\/gb\/wp-json\/wp\/v2\/posts\/405","targetHints":{"allow":["GET"]}}],"collection":[{"href":"https:\/\/sommerzeitende.lima-city.de\/gb\/wp-json\/wp\/v2\/posts"}],"about":[{"href":"https:\/\/sommerzeitende.lima-city.de\/gb\/wp-json\/wp\/v2\/types\/post"}],"author":[{"embeddable":true,"href":"https:\/\/sommerzeitende.lima-city.de\/gb\/wp-json\/wp\/v2\/users\/3"}],"replies":[{"embeddable":true,"href":"https:\/\/sommerzeitende.lima-city.de\/gb\/wp-json\/wp\/v2\/comments?post=405"}],"version-history":[{"count":0,"href":"https:\/\/sommerzeitende.lima-city.de\/gb\/wp-json\/wp\/v2\/posts\/405\/revisions"}],"wp:featuredmedia":[{"embeddable":true,"href":"https:\/\/sommerzeitende.lima-city.de\/gb\/wp-json\/wp\/v2\/media\/442"}],"wp:attachment":[{"href":"https:\/\/sommerzeitende.lima-city.de\/gb\/wp-json\/wp\/v2\/media?parent=405"}],"wp:term":[{"taxonomy":"category","embeddable":true,"href":"https:\/\/sommerzeitende.lima-city.de\/gb\/wp-json\/wp\/v2\/categories?post=405"},{"taxonomy":"post_tag","embeddable":true,"href":"https:\/\/sommerzeitende.lima-city.de\/gb\/wp-json\/wp\/v2\/tags?post=405"}],"curies":[{"name":"wp","href":"https:\/\/api.w.org\/{rel}","templated":true}]}}