{"id":327,"date":"2017-04-17T10:14:38","date_gmt":"2017-04-17T09:14:38","guid":{"rendered":"http:\/\/sommerzeitende.de\/?p=327"},"modified":"2017-04-17T10:14:38","modified_gmt":"2017-04-17T09:14:38","slug":"cdu-verspricht-zukunft","status":"publish","type":"post","link":"https:\/\/sommerzeitende.lima-city.de\/gb\/cdu-verspricht-zukunft\/","title":{"rendered":"CDU verspricht Zukunft"},"content":{"rendered":"<h3>Bringen auch Sie Ihr Anliegen vor!<\/h3>\n<p>Aktuell startet die CDU als Anregung zum Regierungsprogramm folgende B\u00fcrgerbefragung:<br \/>\n<a href=\"https:\/\/www.cdu.de\/schreibe-zukunft\" target=\"_blank\">https:\/\/www.cdu.de\/schreibe-zukunft<\/a><br \/>\nHier kann jeder B\u00fcrger, bis 28. April 2017 seine pers\u00f6nliche Ideen einbringen.<\/p>\n<p>Wie w\u00e4re es, wenn wir hier mal alle unsere Meinung zum Ausdruck bringen?<br \/>\nSind sie auch daf\u00fcr, dass wir wieder ganzj\u00e4hrig die Mitteleurop\u00e4ische Zeit (MEZ) in Deutschland einf\u00fchren?<\/p>\n<p>&nbsp;<\/p>\n","protected":false},"excerpt":{"rendered":"<p>Bringen auch Sie Ihr Anliegen vor! Aktuell startet die CDU als Anregung zum Regierungsprogramm folgende B\u00fcrgerbefragung: https:\/\/www.cdu.de\/schreibe-zukunft Hier kann jeder&hellip;<\/p>\n","protected":false},"author":3,"featured_media":0,"comment_status":"open","ping_status":"closed","sticky":false,"template":"","format":"standard","meta":{"advanced_seo_description":"","jetpack_seo_html_title":"","jetpack_seo_noindex":false,"jetpack_post_was_ever_published":false,"_jetpack_newsletter_access":"","_jetpack_dont_email_post_to_subs":false,"_jetpack_newsletter_tier_id":0,"_jetpack_memberships_contains_paywalled_content":false,"_jetpack_memberships_contains_paid_content":false,"footnotes":"","jetpack_publicize_message":"","jetpack_publicize_feature_enabled":true,"jetpack_social_post_already_shared":false,"jetpack_social_options":{"image_generator_settings":{"template":"highway","default_image_id":0,"font":"","enabled":false},"version":2}},"categories":[1],"tags":[],"class_list":["post-327","post","type-post","status-publish","format-standard","hentry","category-allgemein"],"translation":{"provider":"WPGlobus","version":"3.0.2","language":"gb","enabled_languages":["de","gb"],"languages":{"de":{"title":true,"content":true,"excerpt":false},"gb":{"title":false,"content":false,"excerpt":false}}},"jetpack_publicize_connections":[],"jetpack_featured_media_url":"","jetpack_sharing_enabled":true,"jetpack_shortlink":"https:\/\/wp.me\/paXq5J-5h","_links":{"self":[{"href":"https:\/\/sommerzeitende.lima-city.de\/gb\/wp-json\/wp\/v2\/posts\/327","targetHints":{"allow":["GET"]}}],"collection":[{"href":"https:\/\/sommerzeitende.lima-city.de\/gb\/wp-json\/wp\/v2\/posts"}],"about":[{"href":"https:\/\/sommerzeitende.lima-city.de\/gb\/wp-json\/wp\/v2\/types\/post"}],"author":[{"embeddable":true,"href":"https:\/\/sommerzeitende.lima-city.de\/gb\/wp-json\/wp\/v2\/users\/3"}],"replies":[{"embeddable":true,"href":"https:\/\/sommerzeitende.lima-city.de\/gb\/wp-json\/wp\/v2\/comments?post=327"}],"version-history":[{"count":1,"href":"https:\/\/sommerzeitende.lima-city.de\/gb\/wp-json\/wp\/v2\/posts\/327\/revisions"}],"predecessor-version":[{"id":328,"href":"https:\/\/sommerzeitende.lima-city.de\/gb\/wp-json\/wp\/v2\/posts\/327\/revisions\/328"}],"wp:attachment":[{"href":"https:\/\/sommerzeitende.lima-city.de\/gb\/wp-json\/wp\/v2\/media?parent=327"}],"wp:term":[{"taxonomy":"category","embeddable":true,"href":"https:\/\/sommerzeitende.lima-city.de\/gb\/wp-json\/wp\/v2\/categories?post=327"},{"taxonomy":"post_tag","embeddable":true,"href":"https:\/\/sommerzeitende.lima-city.de\/gb\/wp-json\/wp\/v2\/tags?post=327"}],"curies":[{"name":"wp","href":"https:\/\/api.w.org\/{rel}","templated":true}]}}