{"id":290,"date":"2015-10-19T00:00:24","date_gmt":"2015-10-18T23:00:24","guid":{"rendered":"http:\/\/sommerzeitende.de\/?p=290"},"modified":"2015-10-19T15:33:57","modified_gmt":"2015-10-19T14:33:57","slug":"und-wieder-keine-gute-nachricht","status":"publish","type":"post","link":"https:\/\/sommerzeitende.lima-city.de\/gb\/und-wieder-keine-gute-nachricht\/","title":{"rendered":"Und wieder keine gute Nachricht"},"content":{"rendered":"<h3>Die n\u00e4chste Umstellung auf Normalzeit steht wieder bevor<\/h3>\n<p>Jetzt schaut alles wieder ob es bei diesem Thema etwas neues gibt. Leider hat die Politik in diesem Jahr dieses Thema wiederum gro\u00dfz\u00fcgig ignoriert. Zwei gro\u00dfe Petitionen wurden \u00fcbergeben, aber nichts geschieht.<\/p>\n<p>Was m\u00fcssen wir noch alles tun um diese l\u00e4stige und gesundheitssch\u00e4dliche Uhrendreherei wieder abzuschaffen?<br \/>\nM\u00fcssen unsere Politiker erst mit der Fl\u00fcchtlingspolitik fertig werden, bevor sie sich um so banales wie eine R\u00fccknahme einer Verordnung k\u00fcmmern k\u00f6nnen?<\/p>\n<p>Ich bin gespannt auf Eure <a href=\"http:\/\/sommerzeitende.de\/meinungen\/\">Meinungen<\/a><\/p>\n<p>Eure sze<\/p>\n","protected":false},"excerpt":{"rendered":"<p>Die n\u00e4chste Umstellung auf Normalzeit steht wieder bevor Jetzt schaut alles wieder ob es bei diesem Thema etwas neues gibt.&hellip;<\/p>\n","protected":false},"author":3,"featured_media":0,"comment_status":"closed","ping_status":"closed","sticky":false,"template":"","format":"standard","meta":{"advanced_seo_description":"","jetpack_seo_html_title":"","jetpack_seo_noindex":false,"jetpack_post_was_ever_published":false,"_jetpack_newsletter_access":"","_jetpack_dont_email_post_to_subs":false,"_jetpack_newsletter_tier_id":0,"_jetpack_memberships_contains_paywalled_content":false,"_jetpack_memberships_contains_paid_content":false,"footnotes":"","jetpack_publicize_message":"","jetpack_publicize_feature_enabled":true,"jetpack_social_post_already_shared":false,"jetpack_social_options":{"image_generator_settings":{"template":"highway","default_image_id":0,"font":"","enabled":false},"version":2}},"categories":[1],"tags":[],"class_list":["post-290","post","type-post","status-publish","format-standard","hentry","category-allgemein"],"translation":{"provider":"WPGlobus","version":"3.0.2","language":"gb","enabled_languages":["de","gb"],"languages":{"de":{"title":true,"content":true,"excerpt":false},"gb":{"title":false,"content":false,"excerpt":false}}},"jetpack_publicize_connections":[],"jetpack_featured_media_url":"","jetpack_sharing_enabled":true,"jetpack_shortlink":"https:\/\/wp.me\/paXq5J-4G","_links":{"self":[{"href":"https:\/\/sommerzeitende.lima-city.de\/gb\/wp-json\/wp\/v2\/posts\/290","targetHints":{"allow":["GET"]}}],"collection":[{"href":"https:\/\/sommerzeitende.lima-city.de\/gb\/wp-json\/wp\/v2\/posts"}],"about":[{"href":"https:\/\/sommerzeitende.lima-city.de\/gb\/wp-json\/wp\/v2\/types\/post"}],"author":[{"embeddable":true,"href":"https:\/\/sommerzeitende.lima-city.de\/gb\/wp-json\/wp\/v2\/users\/3"}],"replies":[{"embeddable":true,"href":"https:\/\/sommerzeitende.lima-city.de\/gb\/wp-json\/wp\/v2\/comments?post=290"}],"version-history":[{"count":2,"href":"https:\/\/sommerzeitende.lima-city.de\/gb\/wp-json\/wp\/v2\/posts\/290\/revisions"}],"predecessor-version":[{"id":292,"href":"https:\/\/sommerzeitende.lima-city.de\/gb\/wp-json\/wp\/v2\/posts\/290\/revisions\/292"}],"wp:attachment":[{"href":"https:\/\/sommerzeitende.lima-city.de\/gb\/wp-json\/wp\/v2\/media?parent=290"}],"wp:term":[{"taxonomy":"category","embeddable":true,"href":"https:\/\/sommerzeitende.lima-city.de\/gb\/wp-json\/wp\/v2\/categories?post=290"},{"taxonomy":"post_tag","embeddable":true,"href":"https:\/\/sommerzeitende.lima-city.de\/gb\/wp-json\/wp\/v2\/tags?post=290"}],"curies":[{"name":"wp","href":"https:\/\/api.w.org\/{rel}","templated":true}]}}