{"id":24,"date":"2012-09-19T22:35:52","date_gmt":"2012-09-19T21:35:52","guid":{"rendered":"http:\/\/sommerzeitende.lima-city.de\/?p=24"},"modified":"2014-08-07T23:28:29","modified_gmt":"2014-08-07T22:28:29","slug":"interessenten-bundeln","status":"publish","type":"post","link":"https:\/\/sommerzeitende.lima-city.de\/gb\/interessenten-bundeln\/","title":{"rendered":"Interessenten b\u00fcndeln"},"content":{"rendered":"<p>Mittlerweile finden sich im Internet immer mehr Seiten die sich mit der <span style=\"color: #339966;\"><strong>Abschaffung der Sommerzeit<\/strong> <\/span>besch\u00e4ftigen.<br \/>\nIdeal w\u00e4re es wenn sich alle irgendwie zusammen finden k\u00f6nnten. Gemeinsam sind wir st\u00e4rker!<\/p>\n<p>Auf dieser Seite m\u00f6chte ich versuchen m\u00f6glichst viele Seiten zu verlinken, die sich mit dem Thema besch\u00e4ftigen. Gerne bin ich f\u00fcr Hinweise und weitere Links dankbar. Vielleicht schaffen wir es ja alle <span style=\"color: #339966;\"><strong><a title=\"Hintergr\u00fcnde\" href=\"http:\/\/www.initiative-sonnenzeit.de\"><span style=\"color: #339966;\">Sommerzeitgegner <\/span><\/a><\/strong><\/span>zusammen zu bringen und \u00e4hnlich dem ber\u00fchmten Beispiel Mahatma Ghandis zu folgen und eine friedliche Revolution gegen die Zeitdiktatur zu schaffen.<\/p>\n<h2>Links<\/h2>\n<p><a title=\"Petition unterst\u00fctzen\" href=\"http:\/\/www.avaaz.org\/de\/petition\/Abschaffung_der_Sommerzeit_6\/?cSsIweb\" target=\"_blank\"><strong>http:\/\/www.avaaz.org\/de\/petition\/Abschaffung_der_Sommerzeit_6\/?cSsIweb<\/strong><\/a><\/p>\n<p><a href=\"http:\/\/lei.lima-city.de\/\">http:\/\/lei.lima-city.de\/<\/a><br \/>\n<a href=\"http:\/\/www.initiative-sonnenzeit.de\" target=\"_blank\">www.initiative-sonnenzeit.de <\/a><a href=\"http:\/\/www.initiative-sonnenzeit.de\" target=\"_blank\"><br \/>\n<\/a><a href=\"http:\/\/www.initiative-zur-abschaffung-der-sommerzeit.de\/\" target=\"_blank\">http:\/\/meinhinweis.wordpress.com\/2012\/04\/27\/zum-thema-sommerzeit\/<\/a><span style=\"color: white;\"><a href=\"https:\/\/www.dialog-ueber-deutschland.de\/DE\/20-Vorschlaege\/10-Wie-Leben\/Einzelansicht\/vorschlaege_einzelansicht_node.html?cms_idIdea=624\" target=\"_blank\"><span style=\"color: blue; font-size: xx-small;\"><br \/>\n<\/span><\/a><\/span><a href=\"https:\/\/www.dialog-ueber-deutschland.de\/DE\/20-Vorschlaege\/10-Wie-Leben\/Einzelansicht\/vorschlaege_einzelansicht_node.html?cms_idIdea=624\" target=\"_blank\">https:\/\/www.dialog-ueber-deutschland.de\/DE\/20-Vorschlaege\/10-Wie-Leben\/Einzelansicht\/vorschlaege_einzelansicht_node.html?cms_idIdea=624<\/a><\/p>\n<p><a title=\"Der Europa-Abgeordnete Herbert Reul (CDU) k\u00e4mpft seit Jahren gegen die Sommerzeit. \" href=\"http:\/\/www.dradio.de\/dlf\/sendungen\/dlfmagazin\/1420023\/#oben\" target=\"_blank\"><strong>Der Europa-Abgeordnete Herbert Reul (CDU) k\u00e4mpft seit Jahren gegen die Sommerzeit. <\/strong><\/a><\/p>\n<p>Und noch ein <a title=\"activism\" href=\"http:\/\/www.activism.com\/de_DE\/petition\/fuer-die-abschaffung-der-sommerzeit\/11938\" target=\"_blank\"><strong>Link <\/strong><\/a>zu einer weiteren <a title=\"ACTIVSM\" href=\"http:\/\/www.activism.com\/de_DE\/petition\/fuer-die-abschaffung-der-sommerzeit\/11938\" target=\"_blank\">Petition<\/a><\/p>\n<p>\u00a0Und noch ein Beitrag\u00a0 <strong><a title=\"Sommerzeit steht vor dem Aus | tagesschau.de\" href=\"http:\/\/www.tagesschau.de\/inland\/zeitumstellung16.html\">bei der Tagesschau<\/a><a title=\"Sommerzeit steht vor dem Aus | tagesschau.de\" href=\"http:\/\/www.tagesschau.de\/inland\/zeitumstellung16.html\"><!--more--><\/a><\/strong><\/p>\n","protected":false},"excerpt":{"rendered":"<p>Mittlerweile finden sich im Internet immer mehr Seiten die sich mit der Abschaffung der Sommerzeit besch\u00e4ftigen. Ideal w\u00e4re es wenn&hellip;<\/p>\n","protected":false},"author":2,"featured_media":0,"comment_status":"closed","ping_status":"closed","sticky":false,"template":"","format":"standard","meta":{"advanced_seo_description":"","jetpack_seo_html_title":"","jetpack_seo_noindex":false,"jetpack_post_was_ever_published":false,"_jetpack_newsletter_access":"","_jetpack_dont_email_post_to_subs":false,"_jetpack_newsletter_tier_id":0,"_jetpack_memberships_contains_paywalled_content":false,"_jetpack_memberships_contains_paid_content":false,"footnotes":"","jetpack_publicize_message":"","jetpack_publicize_feature_enabled":true,"jetpack_social_post_already_shared":false,"jetpack_social_options":{"image_generator_settings":{"template":"highway","default_image_id":0,"font":"","enabled":false},"version":2}},"categories":[7,8],"tags":[],"class_list":["post-24","post","type-post","status-publish","format-standard","hentry","category-sz-abschaffen","category-sz-gegner"],"translation":{"provider":"WPGlobus","version":"3.0.2","language":"gb","enabled_languages":["de","gb"],"languages":{"de":{"title":true,"content":true,"excerpt":false},"gb":{"title":false,"content":false,"excerpt":false}}},"jetpack_publicize_connections":[],"jetpack_featured_media_url":"","jetpack_sharing_enabled":true,"jetpack_shortlink":"https:\/\/wp.me\/paXq5J-o","_links":{"self":[{"href":"https:\/\/sommerzeitende.lima-city.de\/gb\/wp-json\/wp\/v2\/posts\/24","targetHints":{"allow":["GET"]}}],"collection":[{"href":"https:\/\/sommerzeitende.lima-city.de\/gb\/wp-json\/wp\/v2\/posts"}],"about":[{"href":"https:\/\/sommerzeitende.lima-city.de\/gb\/wp-json\/wp\/v2\/types\/post"}],"author":[{"embeddable":true,"href":"https:\/\/sommerzeitende.lima-city.de\/gb\/wp-json\/wp\/v2\/users\/2"}],"replies":[{"embeddable":true,"href":"https:\/\/sommerzeitende.lima-city.de\/gb\/wp-json\/wp\/v2\/comments?post=24"}],"version-history":[{"count":19,"href":"https:\/\/sommerzeitende.lima-city.de\/gb\/wp-json\/wp\/v2\/posts\/24\/revisions"}],"predecessor-version":[{"id":200,"href":"https:\/\/sommerzeitende.lima-city.de\/gb\/wp-json\/wp\/v2\/posts\/24\/revisions\/200"}],"wp:attachment":[{"href":"https:\/\/sommerzeitende.lima-city.de\/gb\/wp-json\/wp\/v2\/media?parent=24"}],"wp:term":[{"taxonomy":"category","embeddable":true,"href":"https:\/\/sommerzeitende.lima-city.de\/gb\/wp-json\/wp\/v2\/categories?post=24"},{"taxonomy":"post_tag","embeddable":true,"href":"https:\/\/sommerzeitende.lima-city.de\/gb\/wp-json\/wp\/v2\/tags?post=24"}],"curies":[{"name":"wp","href":"https:\/\/api.w.org\/{rel}","templated":true}]}}