{"id":142,"date":"2013-09-25T11:11:57","date_gmt":"2013-09-25T10:11:57","guid":{"rendered":"http:\/\/sommerzeitende.de\/?p=142"},"modified":"2013-09-25T21:02:59","modified_gmt":"2013-09-25T20:02:59","slug":"schluss-mit-dem-ewigem-sommer","status":"publish","type":"post","link":"https:\/\/sommerzeitende.lima-city.de\/gb\/schluss-mit-dem-ewigem-sommer\/","title":{"rendered":"Schluss mit dem \u00bbewigem Sommer\u00ab?"},"content":{"rendered":"<h2>Russland will nach zwei Jahren zur\u00fcck zur \u00bbWinterzeit\u00ab \/ Lange, dunkle Morgen schlagen vielen aufs Gem\u00fct<\/h2>\n<h3>Von Benedikt von Imhoff<\/h3>\n<p>Moskau. Russland dreht einmal mehr am Uhrzeiger. Nach nur zwei Jahren will das Riesenreich im Winter die \u00a0Normalzeit wieder einf\u00fchren. Vor allem die langen dunklen Wintermorgen schlagen vielen Menschen aufs Gem\u00fct.<\/p>\n<p>Dem \u00bbewigen Sommer\u00ab droht in Russland das Aus. Massenweise fordern B\u00fcrger die Staatsduma auf, doch bitte die sogenannte Winterzeit wieder einzuf\u00fchren. \u00bbMit Schrecken warten viele Menschen auf den Wintereinbruch\u00ab, erz\u00e4hlt der Abgeordnete Sergej Kalaschnikow. Denn schon im November, wenn im Westen soeben die Uhren zur\u00fcckgedreht wurden, drohen wieder lange dunkle Morgen. Um die Wintersonnenwende herum sehen viele Angestellte \u00fcberhaupt kein Tageslicht: In der Hauptstadt Moskau bricht die Sonne erst gegen 9.30 Uhr langsam durch, lange vor 18 Uhr ist sie bereits wieder verschwunden.<\/p>\n<h3>Das Experiment \u00bbist absoluter Schwachsinn\u00ab<\/h3>\n<p>\u00bbDieses Experiment hat uns normalen Leuten von Anfang an nicht gefallen \u2013 das ist ein absoluter Schwachsinn\u00ab, schimpft der Moskauer Roman in einer E-Mail an den Radiosender Echo Moskwy. Kalaschnikow von der rechtspopulistischen Liberaldemokratischen Partei hat bereits zum zweiten Mal einen Gesetzentwurf in der Duma eingebracht, die \u00bbewige Sommerzeit\u00ab nach nur zwei Jahren wieder abzuschaffen. Die Chancen stehen gut: Denn auch Wladimir Gutenjow von der Regierungspartei Geeintes Russland fordert im Parlament die R\u00fcckkehr zur \u00a0Normalzeit im Winter.<\/p>\n<p>Die Zustimmung in der Bev\u00f6lkerung zur derzeitigen Zeitregelung ist einer Umfrage des staatlichen Meinungsforschungsinstituts Wziom zufolge von 73 Prozent vor zwei Jahren auf 34 Prozent abgesackt.<\/p>\n<p>Wissenschaftler warnten von Anfang an, dass Russland nun seiner nat\u00fcrlichen Zeit zwei Stunden voraus sei. \u00bbUnsere biologische und gesellschaftliche Uhr ist aus dem Gleichgewicht gebracht\u00ab, betont die Psychologin Viktoria Arschinowa. Mehr Stress und schlechtere Gesundheit: Das Leben mit durchgehender Sommerzeit schl\u00e4gt den Russen aufs Gem\u00fct. \u00c4rzte berichten von einer steigenden Zahl von Selbstmorden wegen Depressionen.<\/p>\n<p>Noch f\u00fcrchtet die F\u00fchrung in Moskau offenbar, mit dem Hin- und Herschalten zum Gesp\u00f6tt zu werden. Dem Kreml bietet sich aber nun ein Ausweg an: Auch das Internationale Olympische Komitee fordert die R\u00fcckkehr zur \u00bbWinterzeit\u00ab. Die Olympischen Winterspiele 2014 im russischen Sotschi sollen schlie\u00dflich zur Hauptsendezeit \u00fcber die Bildschirme in Deutschland und den anderen Wintersportnationen in Westeuropa flackern.<\/p>\n<p>Nicht ausgeschlossen also, dass Russland Ende Oktober wieder an der Uhr dreht.<\/p>\n<h5>#<\/h5>\n<div>\u00a9 2013 Schwarzw\u00e4lder Bote<\/div>\n","protected":false},"excerpt":{"rendered":"<p>Russland will nach zwei Jahren zur\u00fcck zur \u00bbWinterzeit\u00ab \/ Lange, dunkle Morgen schlagen vielen aufs Gem\u00fct Von Benedikt von Imhoff&hellip;<\/p>\n","protected":false},"author":3,"featured_media":0,"comment_status":"closed","ping_status":"closed","sticky":false,"template":"","format":"standard","meta":{"advanced_seo_description":"","jetpack_seo_html_title":"","jetpack_seo_noindex":false,"jetpack_post_was_ever_published":false,"_jetpack_newsletter_access":"","_jetpack_dont_email_post_to_subs":false,"_jetpack_newsletter_tier_id":0,"_jetpack_memberships_contains_paywalled_content":false,"_jetpack_memberships_contains_paid_content":false,"footnotes":"","jetpack_publicize_message":"","jetpack_publicize_feature_enabled":true,"jetpack_social_post_already_shared":false,"jetpack_social_options":{"image_generator_settings":{"template":"highway","default_image_id":0,"font":"","enabled":false},"version":2}},"categories":[1],"tags":[13,12,10,11],"class_list":["post-142","post","type-post","status-publish","format-standard","hentry","category-allgemein","tag-ewiger-sommer","tag-normalzeit","tag-russland","tag-winterzeit"],"translation":{"provider":"WPGlobus","version":"3.0.2","language":"gb","enabled_languages":["de","gb"],"languages":{"de":{"title":true,"content":true,"excerpt":false},"gb":{"title":false,"content":false,"excerpt":false}}},"jetpack_publicize_connections":[],"jetpack_featured_media_url":"","jetpack_sharing_enabled":true,"jetpack_shortlink":"https:\/\/wp.me\/paXq5J-2i","_links":{"self":[{"href":"https:\/\/sommerzeitende.lima-city.de\/gb\/wp-json\/wp\/v2\/posts\/142","targetHints":{"allow":["GET"]}}],"collection":[{"href":"https:\/\/sommerzeitende.lima-city.de\/gb\/wp-json\/wp\/v2\/posts"}],"about":[{"href":"https:\/\/sommerzeitende.lima-city.de\/gb\/wp-json\/wp\/v2\/types\/post"}],"author":[{"embeddable":true,"href":"https:\/\/sommerzeitende.lima-city.de\/gb\/wp-json\/wp\/v2\/users\/3"}],"replies":[{"embeddable":true,"href":"https:\/\/sommerzeitende.lima-city.de\/gb\/wp-json\/wp\/v2\/comments?post=142"}],"version-history":[{"count":6,"href":"https:\/\/sommerzeitende.lima-city.de\/gb\/wp-json\/wp\/v2\/posts\/142\/revisions"}],"predecessor-version":[{"id":145,"href":"https:\/\/sommerzeitende.lima-city.de\/gb\/wp-json\/wp\/v2\/posts\/142\/revisions\/145"}],"wp:attachment":[{"href":"https:\/\/sommerzeitende.lima-city.de\/gb\/wp-json\/wp\/v2\/media?parent=142"}],"wp:term":[{"taxonomy":"category","embeddable":true,"href":"https:\/\/sommerzeitende.lima-city.de\/gb\/wp-json\/wp\/v2\/categories?post=142"},{"taxonomy":"post_tag","embeddable":true,"href":"https:\/\/sommerzeitende.lima-city.de\/gb\/wp-json\/wp\/v2\/tags?post=142"}],"curies":[{"name":"wp","href":"https:\/\/api.w.org\/{rel}","templated":true}]}}