{"id":1,"date":"2012-08-21T22:07:48","date_gmt":"2012-08-21T21:07:48","guid":{"rendered":"http:\/\/sommerzeitende.lima-city.de\/?p=1"},"modified":"2014-08-07T23:49:27","modified_gmt":"2014-08-07T22:49:27","slug":"abschaffen-info","status":"publish","type":"post","link":"https:\/\/sommerzeitende.lima-city.de\/gb\/abschaffen-info\/","title":{"rendered":"Hier gibt es Infos zum Abschaffen der Sommerzeit"},"content":{"rendered":"<p>Herzlich Willkommen.<\/p>\n<p>Mit dieser Seite m\u00f6chte ich m\u00f6glichst viele Mitb\u00fcrger in Deutschland, aber auch europaweit erreichen. Wenn wir zusammenhalten k\u00f6nnen wir diesen Irrsinn stoppen. Mit gen\u00fcgend Eintragungen bei <a title=\"Sommerzeit abschaffen\" href=\"http:\/\/sommerzeit-abschaffen.de\" target=\"_blank\">Sommerzeit-Abschaffen<\/a> k\u00f6nnen wir eine europ\u00e4ische Petition starten, damit die Regierungen sich endlich bewegen.<\/p>\n","protected":false},"excerpt":{"rendered":"<p>Herzlich Willkommen. Mit dieser Seite m\u00f6chte ich m\u00f6glichst viele Mitb\u00fcrger in Deutschland, aber auch europaweit erreichen. Wenn wir zusammenhalten k\u00f6nnen&hellip;<\/p>\n","protected":false},"author":2,"featured_media":0,"comment_status":"closed","ping_status":"closed","sticky":false,"template":"","format":"standard","meta":{"advanced_seo_description":"","jetpack_seo_html_title":"","jetpack_seo_noindex":false,"jetpack_post_was_ever_published":false,"_jetpack_newsletter_access":"","_jetpack_dont_email_post_to_subs":false,"_jetpack_newsletter_tier_id":0,"_jetpack_memberships_contains_paywalled_content":false,"_jetpack_memberships_contains_paid_content":false,"footnotes":"","jetpack_publicize_message":"","jetpack_publicize_feature_enabled":true,"jetpack_social_post_already_shared":false,"jetpack_social_options":{"image_generator_settings":{"template":"highway","default_image_id":0,"font":"","enabled":false},"version":2}},"categories":[9,7],"tags":[],"class_list":["post-1","post","type-post","status-publish","format-standard","hentry","category-sz","category-sz-abschaffen"],"translation":{"provider":"WPGlobus","version":"3.0.2","language":"gb","enabled_languages":["de","gb"],"languages":{"de":{"title":true,"content":true,"excerpt":false},"gb":{"title":false,"content":false,"excerpt":false}}},"jetpack_publicize_connections":[],"jetpack_featured_media_url":"","jetpack_sharing_enabled":true,"jetpack_shortlink":"https:\/\/wp.me\/paXq5J-1","_links":{"self":[{"href":"https:\/\/sommerzeitende.lima-city.de\/gb\/wp-json\/wp\/v2\/posts\/1","targetHints":{"allow":["GET"]}}],"collection":[{"href":"https:\/\/sommerzeitende.lima-city.de\/gb\/wp-json\/wp\/v2\/posts"}],"about":[{"href":"https:\/\/sommerzeitende.lima-city.de\/gb\/wp-json\/wp\/v2\/types\/post"}],"author":[{"embeddable":true,"href":"https:\/\/sommerzeitende.lima-city.de\/gb\/wp-json\/wp\/v2\/users\/2"}],"replies":[{"embeddable":true,"href":"https:\/\/sommerzeitende.lima-city.de\/gb\/wp-json\/wp\/v2\/comments?post=1"}],"version-history":[{"count":4,"href":"https:\/\/sommerzeitende.lima-city.de\/gb\/wp-json\/wp\/v2\/posts\/1\/revisions"}],"predecessor-version":[{"id":64,"href":"https:\/\/sommerzeitende.lima-city.de\/gb\/wp-json\/wp\/v2\/posts\/1\/revisions\/64"}],"wp:attachment":[{"href":"https:\/\/sommerzeitende.lima-city.de\/gb\/wp-json\/wp\/v2\/media?parent=1"}],"wp:term":[{"taxonomy":"category","embeddable":true,"href":"https:\/\/sommerzeitende.lima-city.de\/gb\/wp-json\/wp\/v2\/categories?post=1"},{"taxonomy":"post_tag","embeddable":true,"href":"https:\/\/sommerzeitende.lima-city.de\/gb\/wp-json\/wp\/v2\/tags?post=1"}],"curies":[{"name":"wp","href":"https:\/\/api.w.org\/{rel}","templated":true}]}}